{"id":6533,"__str__":"Parecer da Comiss\u00e3o Geral n\u00ba 22 de 2025","link_detail_backend":"/materia/6533","metadata":{},"numero":22,"ano":2025,"numero_protocolo":280,"data_apresentacao":"2025-04-07","tipo_apresentacao":"E","data_publicacao":null,"numero_origem_externa":"","ano_origem_externa":null,"data_origem_externa":null,"apelido":"","dias_prazo":null,"data_fim_prazo":null,"em_tramitacao":true,"polemica":false,"objeto":"","complementar":false,"ementa":"FAVOR\u00c1VEL ao Projeto de Resolu\u00e7\u00e3o n\u00ba 006, de 06 de mar\u00e7o de 2025, de Autoria da Vereadora Rejane Schneider Garcia (PSDB), que \u201cDISP\u00d5E SOBRE A CRIA\u00c7\u00c3O NO \u00c2MBITO DA C\u00c2MARA MUNICIPAL DE \u00c1GUA BOA-MT A \u2018FRENTE PARLAMENTAR MUNICIPAL EM DEFESA DO COM\u00c9RCIO, SERVI\u00c7OS E EMPREENDEDORISMO\u2019\u201d.","indexacao":"","observacao":"","resultado":"","texto_original":"http://sapl.aguaboa.mt.leg.br/media/sapl/public/materialegislativa/2025/6533/parecer_no_022-2025.pdf","data_ultima_atualizacao":"2025-04-08T16:42:41.674599-03:00","ip":"177.130.25.15","ultima_edicao":"2025-04-08T16:42:41.567159-03:00","tipo":10,"regime_tramitacao":1,"tipo_origem_externa":null,"local_origem_externa":null,"user":25,"anexadas":[],"autores":[39]}