{"id":6170,"__str__":"Requerimento n\u00ba 31 de 2024","link_detail_backend":"/materia/6170","metadata":{},"numero":31,"ano":2024,"numero_protocolo":476,"data_apresentacao":"2024-08-05","tipo_apresentacao":"E","data_publicacao":null,"numero_origem_externa":"","ano_origem_externa":null,"data_origem_externa":null,"apelido":"","dias_prazo":null,"data_fim_prazo":null,"em_tramitacao":true,"polemica":false,"objeto":"","complementar":false,"ementa":"Solicita \u00e0 Mesa Diretora da C\u00e2mara Municipal o envio deste expediente ao Excelent\u00edssimo Senhor Dr. Mariano Kolankiewicz Filho, Prefeito Municipal, com c\u00f3pia ao Ilustr\u00edssimo Senhor Eberson Mateus dos Santos, Secret\u00e1rio Municipal de Sa\u00fade, solicitando informa\u00e7\u00f5es se h\u00e1 obrigatoriedade da vacina\u00e7\u00e3o contra COVID-19 para crian\u00e7as no munic\u00edpio de \u00c1gua Boa, sendo:\r\n1.\tExiste alguma pol\u00edtica de obrigatoriedade da vacina\u00e7\u00e3o contra a COVID-19 para crian\u00e7as no munic\u00edpio de \u00c1gua Boa? Se sim, quais s\u00e3o os fundamentos legais e normativos para essa obrigatoriedade?\r\n2.\tQuais s\u00e3o as diretrizes e orienta\u00e7\u00f5es fornecidas \u00e0s agentes comunit\u00e1rias de sa\u00fade em rela\u00e7\u00e3o \u00e0 vacina\u00e7\u00e3o infantil contra a COVID-19? Existe algum treinamento espec\u00edfico ou protocolo a ser seguido?\r\n3.\tComo a Secretaria Municipal de Sa\u00fade est\u00e1 garantindo que o processo de vacina\u00e7\u00e3o infantil respeite os direitos dos pais e respons\u00e1veis? Existe algum mecanismo de fiscaliza\u00e7\u00e3o ou canal de comunica\u00e7\u00e3o para den\u00fancias de poss\u00edveis irregularidades?","indexacao":"","observacao":"","resultado":"","texto_original":"http://sapl.aguaboa.mt.leg.br/media/sapl/public/materialegislativa/2024/6170/requerimento_no_031-2024.pdf","data_ultima_atualizacao":"2024-08-05T15:58:26.714330-03:00","ip":"177.130.29.45","ultima_edicao":"2024-08-05T15:58:26.597046-03:00","tipo":3,"regime_tramitacao":1,"tipo_origem_externa":null,"local_origem_externa":null,"user":25,"anexadas":[],"autores":[35,38,3]}