{"id":865,"__str__":"Resposta - Lisiani Maria Luz Figueir\u00f3 de 19/05/2023 por Prefeitura Municipal de Sa\u00fade - Eberson Mateus dos Santos","link_detail_backend":"/materia/documentoacessorio/865","metadata":{},"nome":"Lisiani Maria Luz Figueir\u00f3","data":"2023-05-19","autor":"Prefeitura Municipal de Sa\u00fade - Eberson Mateus dos Santos","ementa":"COM NOSSOS CORDIAIS CUMPRIMENTOS, INFORMAMOD, OS N\u00daMEROS A PARTIR DO DIA 1\u00ba DE ABRIL AO DIA DE HOJE (11 DE ABRIL DE 2023), DOS PACIENTES QUE VEM SENDO ATENTIDOS PELO CENTRO DE AUTISMO;\r\n# AUTISTAS COM DIAGN\u00d3STICO FECHADO EM ATENDIMENTO NO M\u00caS - 30 CRIAN\u00c7AS\r\n# EM INVESTIGA\u00c7\u00c3O DE TEA, TDHA E ASPERGER EM ATENDIMENTO NO M\u00caS - 85 CRIAN\u00c7AS.","indexacao":"","arquivo":"http://sapl.aguaboa.mt.leg.br/media/sapl/public/documentoacessorio/2023/865/resp._req._no_022-2023.pdf","data_ultima_atualizacao":"2023-05-19T12:10:41.459241-03:00","materia":5390,"tipo":5}