{"id":725,"__str__":"Of\u00edcio - C\u00e2mara Municipal de 08/09/2022 por Prefeita Municipal em Exerc\u00edcio Rejane Schneider Garcia","link_detail_backend":"/materia/documentoacessorio/725","metadata":{},"nome":"C\u00e2mara Municipal","data":"2022-09-08","autor":"Prefeita Municipal em Exerc\u00edcio Rejane Schneider Garcia","ementa":"SOLICITA\u00c7\u00c3O DE SESS\u00c3O ESTRAORDIN\u00c1RIA","indexacao":"","arquivo":"http://sapl.aguaboa.mt.leg.br/media/sapl/public/documentoacessorio/2022/725/oficio_sessao_extraordinaria.pdf","data_ultima_atualizacao":"2022-09-12T09:58:48.541148-03:00","materia":5081,"tipo":8}